[{"@context":"https:\/\/schema.org\/","@type":"Article","@id":"https:\/\/www.skolainak.sk\/hlavnou-temou-pigmentove-skvrny\/#Article","mainEntityOfPage":"https:\/\/www.skolainak.sk\/hlavnou-temou-pigmentove-skvrny\/","headline":"Hlavnou t\u00e9mou &#8211; pigmentov\u00e9 \u0161kvrny","name":"Hlavnou t\u00e9mou &#8211; pigmentov\u00e9 \u0161kvrny","description":"\u010co s\u00fa pigmentov\u00e9 \u0161kvrny? Pre\u010do ich m\u00e1me na tv\u00e1ri a ako sa ich kone\u010dne raz a nav\u017edy zbavi\u0165? Je mo\u017en\u00e9 udr\u017ea\u0165 si jednotn\u00fd t\u00f3n poko\u017eky po cel\u00fd rok? Pehy, \u0161kvrny \u010di hyperpigment\u00e1cia. N\u00e1zvov a prez\u00fdvok n\u00e1jdeme hne\u010f nieko\u013eko. Ak\u00e9 pr\u00ed\u010diny ovplyv\u0148uj\u00fa ich vznik si predstav\u00edme tu: Najzn\u00e1mej\u0161\u00edm a najpou\u017e\u00edvanej\u0161\u00edm stra\u0161iakom je slnko. A rodi\u010dia mali [&hellip;]","datePublished":"2023-12-06","dateModified":"2023-12-06","author":{"@type":"Person","@id":"https:\/\/www.skolainak.sk\/author\/#Person","name":"","url":"https:\/\/www.skolainak.sk\/author\/","identifier":1,"image":{"@type":"ImageObject","@id":"https:\/\/secure.gravatar.com\/avatar\/89f417dfbb336d235b856435ef935ffa51c2f646edc1f5c4e6fccf32a9c88173?s=96&d=mm&r=g","url":"https:\/\/secure.gravatar.com\/avatar\/89f417dfbb336d235b856435ef935ffa51c2f646edc1f5c4e6fccf32a9c88173?s=96&d=mm&r=g","height":96,"width":96}},"publisher":{"@type":"Organization","name":"skolainak.sk","logo":{"@type":"ImageObject","@id":"\/logo.png","url":"\/logo.png","width":600,"height":60}},"image":{"@type":"ImageObject","@id":"https:\/\/www.skolainak.sk\/wp-content\/uploads\/pexels-marctutorials-1152359.jpg","url":"https:\/\/www.skolainak.sk\/wp-content\/uploads\/pexels-marctutorials-1152359.jpg","height":0,"width":0},"url":"https:\/\/www.skolainak.sk\/hlavnou-temou-pigmentove-skvrny\/","about":["Kr\u00e1sa"],"wordCount":440,"articleBody":"\u010co s\u00fa pigmentov\u00e9 \u0161kvrny? Pre\u010do ich m\u00e1me na tv\u00e1ri a ako sa ich kone\u010dne raz a nav\u017edy zbavi\u0165? Je mo\u017en\u00e9 udr\u017ea\u0165 si jednotn\u00fd t\u00f3n poko\u017eky po cel\u00fd rok? Pehy, \u0161kvrny \u010di hyperpigment\u00e1cia. N\u00e1zvov a prez\u00fdvok n\u00e1jdeme hne\u010f nieko\u013eko. Ak\u00e9 pr\u00ed\u010diny ovplyv\u0148uj\u00fa ich vznik si predstav\u00edme tu: Najzn\u00e1mej\u0161\u00edm a najpou\u017e\u00edvanej\u0161\u00edm stra\u0161iakom je slnko. A rodi\u010dia mali pravdu. Pr\u00e1ve vystavenie nechr\u00e1nenej poko\u017eky slne\u010dn\u00fdm l\u00fa\u010dom \u0161tartuj\u00fa nadmern\u00fa produkciu melan\u00ednu. Je to vlastne obrann\u00e1 reakcia n\u00e1\u0161ho tela pred po\u0161koden\u00edm siln\u00fdm UV svetlom, svietiacim zo slnka. Pr\u00e1ve on &#8211; melan\u00edn je zodpovedn\u00fd za povestn\u00fd letn\u00fd bronz. Nie je to ale \u017eiadan\u00e1 reakcia na pobyt na slnku.Ak toti\u017e svoj denn\u00fd limit prekro\u010d\u00edme, m\u00f4\u017eu sa na na\u0161ej ko\u017ei okrem kr\u00e1snej snedej farby formova\u0165 aj hned\u00e9 slne\u010dn\u00e9 \u0161kvrny. Tie teda u\u017e tak\u00e9 vzh\u013eadn\u00e9 nie s\u00fa. Navy\u0161e je potreba svoju poko\u017eku d\u00e1va\u0165 pravidelne kontrolova\u0165 dermatol\u00f3gom aspo\u0148 raz ro\u010dne z prevent\u00edvnych d\u00f4vodov. Naj\u00fa\u010dinnej\u0161ou bari\u00e9rou medzi agres\u00edvnym letn\u00fdm slne\u010dn\u00fdm l\u00fa\u010dom a ochrannou vrstvou n\u00e1\u0161ho tela, teda ko\u017eou je prevencia. Pou\u017e\u00edvajte opa\u013eovacie kr\u00e9my s faktorom nie ni\u017e\u0161\u00edm ako 30 SPF. Najsilnej\u0161ia produkcia \u017eiarenia prich\u00e1dza medzi 10 -14 hodinou. Vtedy je slnko na vrchole s\u00edl a nechr\u00e1nen\u00fd pobyt na jeho l\u00fa\u010doch je rizikom. \u010co ste si mo\u017eno nemysleli, alebo V\u00e1s to proste nenapadlo, je fakt, \u017ee drobn\u00e9 poranenia ko\u017ee stoja za jej drobn\u00fdmi defektami a zmenami farby v d\u00f4sledku po\u0161kodenia niektorej vrstvy tkaniva.Hovor\u00edme o po\u0161kodeniach ko\u017ee ako je uhryznutie hmyzom, ktor\u00e9 si neust\u00e1le \u0161kriabeme, \u010d\u00edm naru\u0161ujeme integritu poko\u017eky a d\u00e1vame vo\u013en\u00fd prechod mikroskopick\u00fdm ne\u010distot\u00e1m, bakt\u00e9ri\u00e1m a v\u00edrusom. Do tejto kateg\u00f3rie spadaj\u00fa aj z\u00e1paly sprev\u00e1dzan\u00e9 akn\u00e9 \u010di in\u00e9 drobnej\u0161ie alebo v\u00e4\u010d\u0161ie zap\u00e1len\u00e9 vriedky na poko\u017eke. Ich \u010dast\u00fdm objavovan\u00edm je pr\u00ed\u010dinou oslabenie pe\u010dene. Pe\u010de\u0148 nest\u00edha \u010disti\u0165 telo od jedovat\u00fdch l\u00e1tok a tox\u00ednov. Ak za zmenou farby poko\u017eky stoj\u00ed z\u00e1pal, lek\u00e1r ozna\u010d\u00ed stav ako poz\u00e1palov\u00e1 hyperpigment\u00e1cia- v \u013eudskom jazyku &#8211; m\u00e1te tam f\u013eak po zap\u00e1lenom mieste zvan\u00fd jazva. Pod\u013ea toho ako hlboko z\u00e1pal prenikol bude aj jazva sfarben\u00e1 a m\u00f4\u017ee dokonca nies\u0165 vyv\u00fd\u0161enia poko\u017eky alebo naopak prepadnut\u00e9 miesta.                                                                                                                                                                                                                                                                                                                                                                                        4.4\/5 - (8 votes)        "},{"@context":"https:\/\/schema.org\/","@type":"BreadcrumbList","itemListElement":[{"@type":"ListItem","position":1,"name":"Hlavnou t\u00e9mou &#8211; pigmentov\u00e9 \u0161kvrny","item":"https:\/\/www.skolainak.sk\/hlavnou-temou-pigmentove-skvrny\/#breadcrumbitem"}]}]